{"id":1096416,"date":"2015-11-29T11:10:31","date_gmt":"2015-11-29T10:10:31","guid":{"rendered":"http:\/\/www.grundschule-blumensiedlung.de\/?p=1096416"},"modified":"2015-12-17T13:29:44","modified_gmt":"2015-12-17T12:29:44","slug":"1-preis-bei-kurzfilmwettbewerb-gewonnen","status":"publish","type":"post","link":"http:\/\/www.grundschule-blumensiedlung.de\/?p=1096416","title":{"rendered":"1. Preis bei Kurzfilmwettbewerb gewonnen!"},"content":{"rendered":"<div id='gallery-1' class='gallery galleryid-1096416 gallery-columns-3 gallery-size-thumbnail'><figure class='gallery-item'>\n\t\t\t<div class='gallery-icon landscape'>\n\t\t\t\t<a href='http:\/\/www.grundschule-blumensiedlung.de\/?attachment_id=1096532'><img loading=\"lazy\" decoding=\"async\" width=\"200\" height=\"113\" src=\"http:\/\/www.grundschule-blumensiedlung.de\/wp-content\/uploads\/2015\/11\/DSC_0102.jpg\" class=\"attachment-thumbnail size-thumbnail\" alt=\"\" aria-describedby=\"gallery-1-1096532\" srcset=\"http:\/\/www.grundschule-blumensiedlung.de\/wp-content\/uploads\/2015\/11\/DSC_0102.jpg 3840w, http:\/\/www.grundschule-blumensiedlung.de\/wp-content\/uploads\/2015\/11\/DSC_0102-533x300.jpg 533w, http:\/\/www.grundschule-blumensiedlung.de\/wp-content\/uploads\/2015\/11\/DSC_0102-1320x742.jpg 1320w\" sizes=\"auto, (max-width: 200px) 100vw, 200px\" \/><\/a>\n\t\t\t<\/div>\n\t\t\t\t<figcaption class='wp-caption-text gallery-caption' id='gallery-1-1096532'>\n\t\t\t\tFrau Tieben-Kluge (Leiterin des Kreismedienzentrums) und Frau Hoon (stellvertr. Landr\u00e4tin) \u00fcberreichen Filmklappe und Urkunde.\n\t\t\t\t<\/figcaption><\/figure><figure class='gallery-item'>\n\t\t\t<div class='gallery-icon landscape'>\n\t\t\t\t<a href='http:\/\/www.grundschule-blumensiedlung.de\/?attachment_id=1096530'><img loading=\"lazy\" decoding=\"async\" width=\"200\" height=\"113\" src=\"http:\/\/www.grundschule-blumensiedlung.de\/wp-content\/uploads\/2015\/11\/DSC_0101.jpg\" class=\"attachment-thumbnail size-thumbnail\" alt=\"\" aria-describedby=\"gallery-1-1096530\" srcset=\"http:\/\/www.grundschule-blumensiedlung.de\/wp-content\/uploads\/2015\/11\/DSC_0101.jpg 3840w, http:\/\/www.grundschule-blumensiedlung.de\/wp-content\/uploads\/2015\/11\/DSC_0101-533x300.jpg 533w, http:\/\/www.grundschule-blumensiedlung.de\/wp-content\/uploads\/2015\/11\/DSC_0101-1320x742.jpg 1320w\" sizes=\"auto, (max-width: 200px) 100vw, 200px\" \/><\/a>\n\t\t\t<\/div>\n\t\t\t\t<figcaption class='wp-caption-text gallery-caption' id='gallery-1-1096530'>\n\t\t\t\tModerator Reinhard Pr\u00fcllage interviewt die Preistr\u00e4ger.\n\t\t\t\t<\/figcaption><\/figure><figure class='gallery-item'>\n\t\t\t<div class='gallery-icon landscape'>\n\t\t\t\t<a href='http:\/\/www.grundschule-blumensiedlung.de\/?attachment_id=1096534'><img loading=\"lazy\" decoding=\"async\" width=\"200\" height=\"113\" src=\"http:\/\/www.grundschule-blumensiedlung.de\/wp-content\/uploads\/2015\/11\/DSC_0110.jpg\" class=\"attachment-thumbnail size-thumbnail\" alt=\"\" aria-describedby=\"gallery-1-1096534\" srcset=\"http:\/\/www.grundschule-blumensiedlung.de\/wp-content\/uploads\/2015\/11\/DSC_0110.jpg 3840w, http:\/\/www.grundschule-blumensiedlung.de\/wp-content\/uploads\/2015\/11\/DSC_0110-533x300.jpg 533w, http:\/\/www.grundschule-blumensiedlung.de\/wp-content\/uploads\/2015\/11\/DSC_0110-1320x742.jpg 1320w\" sizes=\"auto, (max-width: 200px) 100vw, 200px\" \/><\/a>\n\t\t\t<\/div>\n\t\t\t\t<figcaption class='wp-caption-text gallery-caption' id='gallery-1-1096534'>\n\t\t\t\tGruppenfoto mit allen Preistr\u00e4gern\n\t\t\t\t<\/figcaption><\/figure>\n\t\t<\/div>\n\n<p>Bei dem Kurzfilmwettbewerb &#8222;Grafschafter Filmklappe 2015&#8220; des Landkreises Grafschaft Bentheim gewann der Film &#8222;Zombiechaos&#8220; der Grundschule Blumensiedlung den 1. Preis in der Kategorie Grundschule. Sch\u00fclerinnen und Sch\u00fcler des letztj\u00e4hrigen vierten Schuljahres hatten im Kunstunsterricht mit ihrem Lehrer Benno B\u00fcsch den Film produziert und zum Wettbewerb eingereicht. Bei der Vorf\u00fchrung des professionell gemachten Schwarz-Wei\u00df-Films im Stil von Charlie Chaplin in der Aula des EGN standen den Zuschauern vor Lachen die Tr\u00e4nen in den Augen!<br \/>\nGewonnen haben Emmely Akse, Laura B\u00f6rgeling, Mete G\u00fcrsoy, Emma Habbert, Corina Helwer, Caitlin Hill, Kaja Lohuis, Antonia Naussen, Dustin Scharke und Julian We\u00dfling und nat\u00fcrlich Benno B\u00fcsch!<br \/>\nDie Preistr\u00e4ger nehmen automatisch am Landeswettbewerb der Filmklappe teil und d\u00fcrfen am 3. Februar 2016 &#8211; hoffentlich alle gemeinsam &#8211; zur landesweiten Preisverleihung nach Aurich fahren.<br \/>\nHerzlichen Gl\u00fcckwunsch!!!<br \/>\nZum Artikel in den Grafschafter Nachrichten: http:\/\/www.gn-online.de\/Nachrichten\/Verleihung-der-Grafschafter-Filmklappe-132966.html<br \/>\nund der Link zum Bericht \u00fcber die Filmpreisverleihung bei ev1.tv folgt hier:<br \/>\n<a href=\"http:\/\/www.ev1.tv\/nachrichten--wetter\/beitraege\/und-action---siebte-grafschafter-filmklappe_33529\">http:\/\/www.ev1.tv\/nachrichten&#8211;wetter\/beitraege\/und-action&#8212;siebte-grafschafter-filmklappe_33529<\/a><\/p>\n","protected":false},"excerpt":{"rendered":"<p>Bei dem Kurzfilmwettbewerb &#8222;Grafschafter Filmklappe 2015&#8220; des Landkreises Grafschaft Bentheim gewann der Film &#8222;Zombiechaos&#8220; der Grundschule Blumensiedlung den 1. Preis in der Kategorie Grundschule. Sch\u00fclerinnen und Sch\u00fcler des letztj\u00e4hrigen vierten&hellip; <a href=\"http:\/\/www.grundschule-blumensiedlung.de\/?p=1096416\" class=\"read-more\" title=\"1. Preis bei Kurzfilmwettbewerb gewonnen!\"><span>Weiterlesen <span class=\"screen-reader-text sr-only\">1. Preis bei Kurzfilmwettbewerb gewonnen!<\/span> <span class=\"meta-nav\">&rarr;<\/span><\/span><\/a><\/p>\n","protected":false},"author":31,"featured_media":1096529,"comment_status":"closed","ping_status":"closed","sticky":false,"template":"","format":"standard","meta":{"ngg_post_thumbnail":0,"footnotes":""},"categories":[1],"tags":[],"class_list":["post-1096416","post","type-post","status-publish","format-standard","has-post-thumbnail","hentry","category-allgemein"],"_links":{"self":[{"href":"http:\/\/www.grundschule-blumensiedlung.de\/index.php?rest_route=\/wp\/v2\/posts\/1096416","targetHints":{"allow":["GET"]}}],"collection":[{"href":"http:\/\/www.grundschule-blumensiedlung.de\/index.php?rest_route=\/wp\/v2\/posts"}],"about":[{"href":"http:\/\/www.grundschule-blumensiedlung.de\/index.php?rest_route=\/wp\/v2\/types\/post"}],"author":[{"embeddable":true,"href":"http:\/\/www.grundschule-blumensiedlung.de\/index.php?rest_route=\/wp\/v2\/users\/31"}],"replies":[{"embeddable":true,"href":"http:\/\/www.grundschule-blumensiedlung.de\/index.php?rest_route=%2Fwp%2Fv2%2Fcomments&post=1096416"}],"version-history":[{"count":12,"href":"http:\/\/www.grundschule-blumensiedlung.de\/index.php?rest_route=\/wp\/v2\/posts\/1096416\/revisions"}],"predecessor-version":[{"id":1144935,"href":"http:\/\/www.grundschule-blumensiedlung.de\/index.php?rest_route=\/wp\/v2\/posts\/1096416\/revisions\/1144935"}],"wp:featuredmedia":[{"embeddable":true,"href":"http:\/\/www.grundschule-blumensiedlung.de\/index.php?rest_route=\/wp\/v2\/media\/1096529"}],"wp:attachment":[{"href":"http:\/\/www.grundschule-blumensiedlung.de\/index.php?rest_route=%2Fwp%2Fv2%2Fmedia&parent=1096416"}],"wp:term":[{"taxonomy":"category","embeddable":true,"href":"http:\/\/www.grundschule-blumensiedlung.de\/index.php?rest_route=%2Fwp%2Fv2%2Fcategories&post=1096416"},{"taxonomy":"post_tag","embeddable":true,"href":"http:\/\/www.grundschule-blumensiedlung.de\/index.php?rest_route=%2Fwp%2Fv2%2Ftags&post=1096416"}],"curies":[{"name":"wp","href":"https:\/\/api.w.org\/{rel}","templated":true}]}}