{"id":1144469,"date":"2015-12-17T09:44:51","date_gmt":"2015-12-17T08:44:51","guid":{"rendered":"http:\/\/www.grundschule-blumensiedlung.de\/?p=1144469"},"modified":"2015-12-17T09:54:58","modified_gmt":"2015-12-17T08:54:58","slug":"klassenfahrt-der-4a-und-4b-nach-bad-bentheim","status":"publish","type":"post","link":"http:\/\/www.grundschule-blumensiedlung.de\/?p=1144469","title":{"rendered":"Klassenfahrt der 4a und 4b nach Bad Bentheim"},"content":{"rendered":"<p><strong>Meine erste Klassenfahrt<\/strong><\/p>\n<p>An einem Montag nach den Herbstferien versammelten sich die 4a und meine Klasse die 4b vor der Schule. Ein Bus sollte uns zur Jugendherberge in Bad Bentheim bringen. Dort startete meine erste Klassenfahrt.<\/p>\n<p>Bei der Busfahrt war ich ganz aufgeregt und fr\u00f6hlich. Als wir endlich da waren, haben wir unsere Zimmer angeguckt. Ich war mit Lara, Maja, Nisa, Nuriko und Dana in einem. Nach dem Betten beziehen hatten wir freie Zeit. Um zw\u00f6lf Uhr gab es Mittagessen. Danach war zwei Stunden Mittagsruhe.<\/p>\n<p>Um zwei Uhr durften wir in die Stadt. Erst hat uns Herr B\u00fcsch uns den falschen Weg gezeigt, aber dann sind wir umgedreht.<\/p>\n<p>Als wir wieder versammelt waren, ging das Programm los. Es gab zwei Gruppen.<\/p>\n<p>Ich war f\u00fcr die Wandergruppe eingeteilt. Wir sind auf Sandstein gewandert und sind sehr viel geklettert.<\/p>\n<p>Am Abend haben wir Flaschen drehen gespielt und sp\u00e4ter habe ich gut geschlafen. Am n\u00e4chsten Morgen gab es um acht Uhr Fr\u00fchst\u00fcck und danach haben wir eine Burg besichtigt.<\/p>\n<p>Nachmittags habe ich mir Gummieidechsen gekauft und bis vier Uhr haben wir Uno gespielt. Dann habe ich bei der Mei\u00dfelgruppe mitgemacht.<\/p>\n<p>Um halb neun haben wir uns noch mit einem Nachtw\u00e4chter vor der Burg getroffen und mit ihm einen fantastischen Rundgang gehabt.<\/p>\n<p>Der Tag war toll und nach einer sch\u00f6nen Nacht ging der n\u00e4chste los.<\/p>\n<p>Am Morgen haben wir Koffer gepackt, aufger\u00e4umt und gefegt.<\/p>\n<p>Nach dem Fr\u00fchst\u00fcck sind wir f\u00fcr eine viertel Stunde in ein Sandsteinmuseum gegangen.<\/p>\n<p>Danach haben wir Bl\u00e4tter mit Aufgaben bekommen, die wir in der Stadt beantworten sollten.<\/p>\n<p>Ich konnte das Aufgaben \u00adDingens nicht ganz mitmachen, weil ich Halsschmerzen hatte. Weil Herr B\u00fcsch Geburtstag hatte, hat er allen ein Eis ausgegeben.<\/p>\n<p>Dann war schon die R\u00fcckfahrt da. Schade. Aber es war auch sch\u00f6n wieder zu Hause zu sein.<\/p>\n<p>(Jule de Vries)<\/p>\n<p><strong>\u00a0<\/strong><\/p>\n<p><strong>Im Sandsteinmuseum<\/strong><\/p>\n<p>Am Mittwoch, dem 04.11. 2015, besuchten wir das Sandsteinmuseum.<\/p>\n<p>Daniela, unsere Museumsf\u00fchrerin, zeigte uns drei verschiedene Sandsteinarten und erkl\u00e4rte die Unterschiede.<\/p>\n<p>Danach teilte sie uns in zwei Gruppen ein. Die eine Gruppe formte Fossilien nach, die andere Gruppe l\u00f6ste Aufgaben zur Arbeit in den Sandsteinbr\u00fcchen und zu den Kunstwerden.<\/p>\n<p>Ich fand alles super, weil ich vorher gedacht habe, in Museen sei es langweilig.<br \/>\n(Justin Raben)<\/p>\n<figure id=\"attachment_1144470\" aria-describedby=\"caption-attachment-1144470\" style=\"width: 1000px\" class=\"wp-caption alignnone\"><a href=\"http:\/\/www.grundschule-blumensiedlung.de\/wp-content\/uploads\/2015\/12\/CIMG0063.jpg\"><img loading=\"lazy\" decoding=\"async\" class=\"size-full wp-image-1144470\" src=\"http:\/\/www.grundschule-blumensiedlung.de\/wp-content\/uploads\/2015\/12\/CIMG0063.jpg\" alt=\"In Schl\u00fcters Kuhle arbeiteten wir unter fachkundiger Leitung als Steinmetz.  (Matilda Wilkens und Kiara Veldhoff)\" width=\"1000\" height=\"750\" srcset=\"http:\/\/www.grundschule-blumensiedlung.de\/wp-content\/uploads\/2015\/12\/CIMG0063.jpg 1000w, http:\/\/www.grundschule-blumensiedlung.de\/wp-content\/uploads\/2015\/12\/CIMG0063-400x300.jpg 400w\" sizes=\"auto, (max-width: 1000px) 100vw, 1000px\" \/><\/a><figcaption id=\"caption-attachment-1144470\" class=\"wp-caption-text\">In Schl\u00fcters Kuhle arbeiteten wir unter fachkundiger Leitung als Steinmetz. (Matilda Wilkens und Kiara Veldhoff)<\/figcaption><\/figure>\n<figure id=\"attachment_1144475\" aria-describedby=\"caption-attachment-1144475\" style=\"width: 225px\" class=\"wp-caption alignnone\"><a href=\"http:\/\/www.grundschule-blumensiedlung.de\/wp-content\/uploads\/2015\/12\/CIMG0299.jpg\"><img loading=\"lazy\" decoding=\"async\" class=\"wp-image-1144475 size-medium\" src=\"http:\/\/www.grundschule-blumensiedlung.de\/wp-content\/uploads\/2015\/12\/CIMG0299-225x300.jpg\" alt=\"CIMG0299\" width=\"225\" height=\"300\" srcset=\"http:\/\/www.grundschule-blumensiedlung.de\/wp-content\/uploads\/2015\/12\/CIMG0299-225x300.jpg 225w, http:\/\/www.grundschule-blumensiedlung.de\/wp-content\/uploads\/2015\/12\/CIMG0299.jpg 750w\" sizes=\"auto, (max-width: 225px) 100vw, 225px\" \/><\/a><figcaption id=\"caption-attachment-1144475\" class=\"wp-caption-text\">Im Sandsteinmuseum<\/figcaption><\/figure>\n<figure id=\"attachment_1144474\" aria-describedby=\"caption-attachment-1144474\" style=\"width: 400px\" class=\"wp-caption alignnone\"><a href=\"http:\/\/www.grundschule-blumensiedlung.de\/wp-content\/uploads\/2015\/12\/CIMG0297.jpg\"><img loading=\"lazy\" decoding=\"async\" class=\"wp-image-1144474 size-medium\" src=\"http:\/\/www.grundschule-blumensiedlung.de\/wp-content\/uploads\/2015\/12\/CIMG0297-400x300.jpg\" alt=\"CIMG0297\" width=\"400\" height=\"300\" srcset=\"http:\/\/www.grundschule-blumensiedlung.de\/wp-content\/uploads\/2015\/12\/CIMG0297-400x300.jpg 400w, http:\/\/www.grundschule-blumensiedlung.de\/wp-content\/uploads\/2015\/12\/CIMG0297.jpg 1000w\" sizes=\"auto, (max-width: 400px) 100vw, 400px\" \/><\/a><figcaption id=\"caption-attachment-1144474\" class=\"wp-caption-text\">Im Sandsteinmuseum<\/figcaption><\/figure>\n<figure id=\"attachment_1144476\" aria-describedby=\"caption-attachment-1144476\" style=\"width: 400px\" class=\"wp-caption alignnone\"><a href=\"http:\/\/www.grundschule-blumensiedlung.de\/wp-content\/uploads\/2015\/12\/CIMG0305.jpg\"><img loading=\"lazy\" decoding=\"async\" class=\"wp-image-1144476 size-medium\" src=\"http:\/\/www.grundschule-blumensiedlung.de\/wp-content\/uploads\/2015\/12\/CIMG0305-400x300.jpg\" alt=\"Im Sandsteinmuseum\" width=\"400\" height=\"300\" srcset=\"http:\/\/www.grundschule-blumensiedlung.de\/wp-content\/uploads\/2015\/12\/CIMG0305-400x300.jpg 400w, http:\/\/www.grundschule-blumensiedlung.de\/wp-content\/uploads\/2015\/12\/CIMG0305.jpg 1000w\" sizes=\"auto, (max-width: 400px) 100vw, 400px\" \/><\/a><figcaption id=\"caption-attachment-1144476\" class=\"wp-caption-text\">Im Sandsteinmuseum<\/figcaption><\/figure>\n<figure id=\"attachment_1144481\" aria-describedby=\"caption-attachment-1144481\" style=\"width: 750px\" class=\"wp-caption alignnone\"><a href=\"http:\/\/www.grundschule-blumensiedlung.de\/wp-content\/uploads\/2015\/12\/Foto-5.jpg\"><img loading=\"lazy\" decoding=\"async\" class=\"size-full wp-image-1144481\" src=\"http:\/\/www.grundschule-blumensiedlung.de\/wp-content\/uploads\/2015\/12\/Foto-5.jpg\" alt=\"Der Steinbruch\" width=\"750\" height=\"1000\" srcset=\"http:\/\/www.grundschule-blumensiedlung.de\/wp-content\/uploads\/2015\/12\/Foto-5.jpg 750w, http:\/\/www.grundschule-blumensiedlung.de\/wp-content\/uploads\/2015\/12\/Foto-5-225x300.jpg 225w\" sizes=\"auto, (max-width: 750px) 100vw, 750px\" \/><\/a><figcaption id=\"caption-attachment-1144481\" class=\"wp-caption-text\">Der Steinbruch<\/figcaption><\/figure>\n<figure id=\"attachment_1144471\" aria-describedby=\"caption-attachment-1144471\" style=\"width: 1000px\" class=\"wp-caption alignnone\"><a href=\"http:\/\/www.grundschule-blumensiedlung.de\/wp-content\/uploads\/2015\/12\/CIMG0125.jpg\"><img loading=\"lazy\" decoding=\"async\" class=\"size-full wp-image-1144471\" src=\"http:\/\/www.grundschule-blumensiedlung.de\/wp-content\/uploads\/2015\/12\/CIMG0125.jpg\" alt=\"Das Essen in der Jugendherberge war super lecker. (Alina Gehrke)\" width=\"1000\" height=\"750\" srcset=\"http:\/\/www.grundschule-blumensiedlung.de\/wp-content\/uploads\/2015\/12\/CIMG0125.jpg 1000w, http:\/\/www.grundschule-blumensiedlung.de\/wp-content\/uploads\/2015\/12\/CIMG0125-400x300.jpg 400w\" sizes=\"auto, (max-width: 1000px) 100vw, 1000px\" \/><\/a><figcaption id=\"caption-attachment-1144471\" class=\"wp-caption-text\">Das Essen in der Jugendherberge war super lecker. (Alina Gehrke)<\/figcaption><\/figure>\n<figure id=\"attachment_1144473\" aria-describedby=\"caption-attachment-1144473\" style=\"width: 1000px\" class=\"wp-caption alignnone\"><a href=\"http:\/\/www.grundschule-blumensiedlung.de\/wp-content\/uploads\/2015\/12\/CIMG0231.jpg\"><img loading=\"lazy\" decoding=\"async\" class=\"size-full wp-image-1144473\" src=\"http:\/\/www.grundschule-blumensiedlung.de\/wp-content\/uploads\/2015\/12\/CIMG0231.jpg\" alt=\"Am Dienstagnachmittag feierten wir meinen Geburtstag mit einer Party. (Emily Schmidt) \" width=\"1000\" height=\"750\" srcset=\"http:\/\/www.grundschule-blumensiedlung.de\/wp-content\/uploads\/2015\/12\/CIMG0231.jpg 1000w, http:\/\/www.grundschule-blumensiedlung.de\/wp-content\/uploads\/2015\/12\/CIMG0231-400x300.jpg 400w\" sizes=\"auto, (max-width: 1000px) 100vw, 1000px\" \/><\/a><figcaption id=\"caption-attachment-1144473\" class=\"wp-caption-text\">Am Dienstagnachmittag feierten wir meinen Geburtstag mit einer Party. (Emily Schmidt)<\/figcaption><\/figure>\n<figure id=\"attachment_1144472\" aria-describedby=\"caption-attachment-1144472\" style=\"width: 700px\" class=\"wp-caption alignnone\"><a href=\"http:\/\/www.grundschule-blumensiedlung.de\/wp-content\/uploads\/2015\/12\/CIMG0171.jpg\"><img loading=\"lazy\" decoding=\"async\" class=\"wp-image-1144472 size-large\" src=\"http:\/\/www.grundschule-blumensiedlung.de\/wp-content\/uploads\/2015\/12\/CIMG0171-1320x990.jpg\" alt=\"CIMG0171\" width=\"700\" height=\"525\" srcset=\"http:\/\/www.grundschule-blumensiedlung.de\/wp-content\/uploads\/2015\/12\/CIMG0171-1320x990.jpg 1320w, http:\/\/www.grundschule-blumensiedlung.de\/wp-content\/uploads\/2015\/12\/CIMG0171-400x300.jpg 400w, http:\/\/www.grundschule-blumensiedlung.de\/wp-content\/uploads\/2015\/12\/CIMG0171.jpg 2000w\" sizes=\"auto, (max-width: 700px) 100vw, 700px\" \/><\/a><figcaption id=\"caption-attachment-1144472\" class=\"wp-caption-text\">Die Klassen 4a und 4b vor der Bentheimer Burg<\/figcaption><\/figure>\n<figure id=\"attachment_1144477\" aria-describedby=\"caption-attachment-1144477\" style=\"width: 1000px\" class=\"wp-caption alignnone\"><a href=\"http:\/\/www.grundschule-blumensiedlung.de\/wp-content\/uploads\/2015\/12\/Foto-1.jpg\"><img loading=\"lazy\" decoding=\"async\" class=\"size-full wp-image-1144477\" src=\"http:\/\/www.grundschule-blumensiedlung.de\/wp-content\/uploads\/2015\/12\/Foto-1.jpg\" alt=\"Ein Blick aus dem Wunschbrunnen. Das sieht also der Froschk\u00f6nig.\" width=\"1000\" height=\"750\" srcset=\"http:\/\/www.grundschule-blumensiedlung.de\/wp-content\/uploads\/2015\/12\/Foto-1.jpg 1000w, http:\/\/www.grundschule-blumensiedlung.de\/wp-content\/uploads\/2015\/12\/Foto-1-400x300.jpg 400w\" sizes=\"auto, (max-width: 1000px) 100vw, 1000px\" \/><\/a><figcaption id=\"caption-attachment-1144477\" class=\"wp-caption-text\">Ein Blick aus dem Wunschbrunnen. Das sieht also der Froschk\u00f6nig.<\/figcaption><\/figure>\n<figure id=\"attachment_1144478\" aria-describedby=\"caption-attachment-1144478\" style=\"width: 750px\" class=\"wp-caption alignnone\"><a href=\"http:\/\/www.grundschule-blumensiedlung.de\/wp-content\/uploads\/2015\/12\/Foto-2.jpg\"><img loading=\"lazy\" decoding=\"async\" class=\"size-full wp-image-1144478\" src=\"http:\/\/www.grundschule-blumensiedlung.de\/wp-content\/uploads\/2015\/12\/Foto-2.jpg\" alt=\"Die Burg\" width=\"750\" height=\"1000\" srcset=\"http:\/\/www.grundschule-blumensiedlung.de\/wp-content\/uploads\/2015\/12\/Foto-2.jpg 750w, http:\/\/www.grundschule-blumensiedlung.de\/wp-content\/uploads\/2015\/12\/Foto-2-225x300.jpg 225w\" sizes=\"auto, (max-width: 750px) 100vw, 750px\" \/><\/a><figcaption id=\"caption-attachment-1144478\" class=\"wp-caption-text\">Die Burg<\/figcaption><\/figure>\n<figure id=\"attachment_1144479\" aria-describedby=\"caption-attachment-1144479\" style=\"width: 1000px\" class=\"wp-caption alignnone\"><a href=\"http:\/\/www.grundschule-blumensiedlung.de\/wp-content\/uploads\/2015\/12\/Foto-3.jpg\"><img loading=\"lazy\" decoding=\"async\" class=\"size-full wp-image-1144479\" src=\"http:\/\/www.grundschule-blumensiedlung.de\/wp-content\/uploads\/2015\/12\/Foto-3.jpg\" alt=\"Auf der Burg\" width=\"1000\" height=\"750\" srcset=\"http:\/\/www.grundschule-blumensiedlung.de\/wp-content\/uploads\/2015\/12\/Foto-3.jpg 1000w, http:\/\/www.grundschule-blumensiedlung.de\/wp-content\/uploads\/2015\/12\/Foto-3-400x300.jpg 400w\" sizes=\"auto, (max-width: 1000px) 100vw, 1000px\" \/><\/a><figcaption id=\"caption-attachment-1144479\" class=\"wp-caption-text\">Auf der Burg hat man einen wundersch\u00f6nen Blick<\/figcaption><\/figure>\n<figure id=\"attachment_1144480\" aria-describedby=\"caption-attachment-1144480\" style=\"width: 750px\" class=\"wp-caption alignnone\"><a href=\"http:\/\/www.grundschule-blumensiedlung.de\/wp-content\/uploads\/2015\/12\/Foto-4.jpg\"><img loading=\"lazy\" decoding=\"async\" class=\"size-full wp-image-1144480\" src=\"http:\/\/www.grundschule-blumensiedlung.de\/wp-content\/uploads\/2015\/12\/Foto-4.jpg\" alt=\"Das Damenzimmer in der Bentheimer Burg\" width=\"750\" height=\"1000\" srcset=\"http:\/\/www.grundschule-blumensiedlung.de\/wp-content\/uploads\/2015\/12\/Foto-4.jpg 750w, http:\/\/www.grundschule-blumensiedlung.de\/wp-content\/uploads\/2015\/12\/Foto-4-225x300.jpg 225w\" sizes=\"auto, (max-width: 750px) 100vw, 750px\" \/><\/a><figcaption id=\"caption-attachment-1144480\" class=\"wp-caption-text\">Das Damenzimmer in der Bentheimer Burg<\/figcaption><\/figure>\n","protected":false},"excerpt":{"rendered":"<p>Meine erste Klassenfahrt An einem Montag nach den Herbstferien versammelten sich die 4a und meine Klasse die 4b vor der Schule. Ein Bus sollte uns zur Jugendherberge in Bad Bentheim&hellip; <a href=\"http:\/\/www.grundschule-blumensiedlung.de\/?p=1144469\" class=\"read-more\" title=\"Klassenfahrt der 4a und 4b nach Bad Bentheim\"><span>Weiterlesen <span class=\"screen-reader-text sr-only\">Klassenfahrt der 4a und 4b nach Bad Bentheim<\/span> <span class=\"meta-nav\">&rarr;<\/span><\/span><\/a><\/p>\n","protected":false},"author":32,"featured_media":1144481,"comment_status":"closed","ping_status":"closed","sticky":false,"template":"","format":"standard","meta":{"ngg_post_thumbnail":0,"footnotes":""},"categories":[1],"tags":[],"class_list":["post-1144469","post","type-post","status-publish","format-standard","has-post-thumbnail","hentry","category-allgemein"],"_links":{"self":[{"href":"http:\/\/www.grundschule-blumensiedlung.de\/index.php?rest_route=\/wp\/v2\/posts\/1144469","targetHints":{"allow":["GET"]}}],"collection":[{"href":"http:\/\/www.grundschule-blumensiedlung.de\/index.php?rest_route=\/wp\/v2\/posts"}],"about":[{"href":"http:\/\/www.grundschule-blumensiedlung.de\/index.php?rest_route=\/wp\/v2\/types\/post"}],"author":[{"embeddable":true,"href":"http:\/\/www.grundschule-blumensiedlung.de\/index.php?rest_route=\/wp\/v2\/users\/32"}],"replies":[{"embeddable":true,"href":"http:\/\/www.grundschule-blumensiedlung.de\/index.php?rest_route=%2Fwp%2Fv2%2Fcomments&post=1144469"}],"version-history":[{"count":4,"href":"http:\/\/www.grundschule-blumensiedlung.de\/index.php?rest_route=\/wp\/v2\/posts\/1144469\/revisions"}],"predecessor-version":[{"id":1144485,"href":"http:\/\/www.grundschule-blumensiedlung.de\/index.php?rest_route=\/wp\/v2\/posts\/1144469\/revisions\/1144485"}],"wp:featuredmedia":[{"embeddable":true,"href":"http:\/\/www.grundschule-blumensiedlung.de\/index.php?rest_route=\/wp\/v2\/media\/1144481"}],"wp:attachment":[{"href":"http:\/\/www.grundschule-blumensiedlung.de\/index.php?rest_route=%2Fwp%2Fv2%2Fmedia&parent=1144469"}],"wp:term":[{"taxonomy":"category","embeddable":true,"href":"http:\/\/www.grundschule-blumensiedlung.de\/index.php?rest_route=%2Fwp%2Fv2%2Fcategories&post=1144469"},{"taxonomy":"post_tag","embeddable":true,"href":"http:\/\/www.grundschule-blumensiedlung.de\/index.php?rest_route=%2Fwp%2Fv2%2Ftags&post=1144469"}],"curies":[{"name":"wp","href":"https:\/\/api.w.org\/{rel}","templated":true}]}}