{"id":6981577,"date":"2022-06-22T10:16:02","date_gmt":"2022-06-22T08:16:02","guid":{"rendered":"http:\/\/www.grundschule-blumensiedlung.de\/?p=6981577"},"modified":"2025-06-01T20:34:49","modified_gmt":"2025-06-01T18:34:49","slug":"sportaktionstag-grafschafter-sportlichter-mit-anschliessender-lehrerfortbildung-zum-thema-bewegte-schule","status":"publish","type":"post","link":"http:\/\/www.grundschule-blumensiedlung.de\/?p=6981577","title":{"rendered":"Sportaktionstag &#8222;Grafschafter Sportlichter&#8220; mit anschlie\u00dfender Lehrerfortbildung zum Thema &#8222;Bewegte, gesunde Schule&#8220;"},"content":{"rendered":"\n<p>Wieder konnte sich unsere Schulgemeinschaft \u00fcber einen besonders bewegungsreichen Schultag freuen: Mit einem gemeinsamen Tanz zum neuen &#8222;Drago-Lied&#8220; startete der Sportaktionstag &#8222;Grafschafter Sportlichter&#8220; am 14.06.2022 f\u00fcr unsere Schule auf dem Schulhof. Maskottchen Drago und sein motiviertes Team des Kreissportbundes sorgten so schon von Anfang an f\u00fcr Spa\u00df und Bewegung. Anschlie\u00dfend konnten die Klassen jahrgangsweise nacheinander einen gut 45-min\u00fctigen Stationslauf in der Turnhalle und auf dem Schulhof absolvieren. Dabei kam unter anderem auch die Sportkonsole &#8222;Sportstation 2&#8220; zum Einsatz. In den Pausenzeiten nutzten alle Kinder die Gelegenheit, sich an der riesigen Fu\u00dfball-Dartscheibe und der H\u00fcpfburg auszutoben. <\/p>\n\n\n\n<p>Am Ende erhielten alle Kinder, die an der &#8222;Drago\u00b4s Bewegungspass-Aktion&#8220; teilgenommen hatten, einen Schl\u00fcsselanh\u00e4nger sowie eine Urkunde. F\u00fcr die LehrerInnen und z. T. p\u00e4d. MitarbeiterInnen h\u00f6rte der bewegungsreiche Tag allerdings noch nicht auf. Sie nahmen im Anschluss an den Unterricht noch an einer Fortbildung zum Thema &#8222;Bewegte, gesunde Schule&#8220; teil, um weitere Anregungen zur Gesundheits- und Bewegungsf\u00f6rderung von KIndern zu erhalten.<\/p>\n\n\n\n<p>Wir bedanken und ganz herzlich bei Drago und seinem Team des Kreissportbundes f\u00fcr den wirklich gelungenen Sporttag sowie beim Fortbildungsleiter der Bewegten Schule e.V. , Herrn St\u00e4dtler, f\u00fcr die interessante Fortbildung am Nachmittag!<\/p>\n\n\n\nngg_shortcode_0_placeholder\n","protected":false},"excerpt":{"rendered":"<p>Wieder konnte sich unsere Schulgemeinschaft \u00fcber einen besonders bewegungsreichen Schultag freuen: Mit einem gemeinsamen Tanz zum neuen &#8222;Drago-Lied&#8220; startete der Sportaktionstag &#8222;Grafschafter Sportlichter&#8220; am 14.06.2022 f\u00fcr unsere Schule auf dem&hellip; <a href=\"http:\/\/www.grundschule-blumensiedlung.de\/?p=6981577\" class=\"read-more\" title=\"Sportaktionstag &#8222;Grafschafter Sportlichter&#8220; mit anschlie\u00dfender Lehrerfortbildung zum Thema &#8222;Bewegte, gesunde Schule&#8220;\"><span>Weiterlesen <span class=\"screen-reader-text sr-only\">Sportaktionstag &#8222;Grafschafter Sportlichter&#8220; mit anschlie\u00dfender Lehrerfortbildung zum Thema &#8222;Bewegte, gesunde Schule&#8220;<\/span> <span class=\"meta-nav\">&rarr;<\/span><\/span><\/a><\/p>\n","protected":false},"author":43,"featured_media":6981560,"comment_status":"closed","ping_status":"closed","sticky":false,"template":"","format":"standard","meta":{"ngg_post_thumbnail":0,"footnotes":""},"categories":[1],"tags":[],"class_list":["post-6981577","post","type-post","status-publish","format-standard","has-post-thumbnail","hentry","category-allgemein"],"_links":{"self":[{"href":"http:\/\/www.grundschule-blumensiedlung.de\/index.php?rest_route=\/wp\/v2\/posts\/6981577","targetHints":{"allow":["GET"]}}],"collection":[{"href":"http:\/\/www.grundschule-blumensiedlung.de\/index.php?rest_route=\/wp\/v2\/posts"}],"about":[{"href":"http:\/\/www.grundschule-blumensiedlung.de\/index.php?rest_route=\/wp\/v2\/types\/post"}],"author":[{"embeddable":true,"href":"http:\/\/www.grundschule-blumensiedlung.de\/index.php?rest_route=\/wp\/v2\/users\/43"}],"replies":[{"embeddable":true,"href":"http:\/\/www.grundschule-blumensiedlung.de\/index.php?rest_route=%2Fwp%2Fv2%2Fcomments&post=6981577"}],"version-history":[{"count":4,"href":"http:\/\/www.grundschule-blumensiedlung.de\/index.php?rest_route=\/wp\/v2\/posts\/6981577\/revisions"}],"predecessor-version":[{"id":6981595,"href":"http:\/\/www.grundschule-blumensiedlung.de\/index.php?rest_route=\/wp\/v2\/posts\/6981577\/revisions\/6981595"}],"wp:featuredmedia":[{"embeddable":true,"href":"http:\/\/www.grundschule-blumensiedlung.de\/index.php?rest_route=\/wp\/v2\/media\/6981560"}],"wp:attachment":[{"href":"http:\/\/www.grundschule-blumensiedlung.de\/index.php?rest_route=%2Fwp%2Fv2%2Fmedia&parent=6981577"}],"wp:term":[{"taxonomy":"category","embeddable":true,"href":"http:\/\/www.grundschule-blumensiedlung.de\/index.php?rest_route=%2Fwp%2Fv2%2Fcategories&post=6981577"},{"taxonomy":"post_tag","embeddable":true,"href":"http:\/\/www.grundschule-blumensiedlung.de\/index.php?rest_route=%2Fwp%2Fv2%2Ftags&post=6981577"}],"curies":[{"name":"wp","href":"https:\/\/api.w.org\/{rel}","templated":true}]}}