{"id":6980385,"date":"2020-11-27T14:37:34","date_gmt":"2020-11-27T13:37:34","guid":{"rendered":"http:\/\/www.grundschule-blumensiedlung.de\/?p=6980385"},"modified":"2025-06-01T20:28:11","modified_gmt":"2025-06-01T18:28:11","slug":"elternbrief-vom-26-11-2020","status":"publish","type":"post","link":"https:\/\/www.grundschule-blumensiedlung.de\/?p=6980385","title":{"rendered":"Elternbrief vom 26.11.2020: Weihnachtsferien und Notbetreuung"},"content":{"rendered":"\r\n<p><em>Liebe Eltern,<\/em><\/p>\r\n\r\n\r\n\r\n<p>wie Sie vielleicht gestern <em>in den Medien<\/em> mitbekommen haben, hat die Bundeskanzlerin mit den Ministerpr\u00e4sidenten \u00fcber neue Regelungen f\u00fcr die Schulen gesprochen.<\/p>\r\n\r\n\r\n\r\n<p><strong>Hier einige Hinweise zu den <span style=\"color: #ff0000;\">neuen Regelungen von Herrn Tonne<\/span>:<\/strong><\/p>\r\n\r\n\r\n\r\n<ul class=\"wp-block-list\">\r\n<li>wenn der <strong>Inzidenzwert \u00fcber 200<\/strong> liegt, gilt im Unterricht (auch in der Grundschule) Maskenpflicht. Unser Inzidenzwert liegt zum Gl\u00fcck momentan bei 106.<\/li>\r\n<li>die Weihnachtsferien starten <span style=\"color: #ff0000;\"><strong>nicht<\/strong><\/span> wie geplant am <s>23.12.<\/s>, sondern schon am 19. Dezember! <strong><span style=\"color: #ff0000;\">D.h. am 21. Dezember und 22. Dezember haben alle Sch\u00fcler*innen schon schulfrei!<\/span> <\/strong><\/li>\r\n<li>Es wird <strong>an diesen Tagen<\/strong> (Montag, 21.12. und Dienstag, 22.12.) eine <strong>Notbetreuung <\/strong>von 8:00 &#8211; 12:50 Uhr angeboten, die Betreuung brauchen! <em>Bitte beachten Sie, dass Sie Ihr Kind nur anmelden, wenn Sie eine NOT-betreuung auch wirklich ben\u00f6tigen!!<\/em> Auch hier hei\u00dft es wieder, dass Kontakt minimiert werden sollen! Dieses Formular f\u00fcr die Notbetreuung finden Sie auf der Homepage unter &#8222;Formulare&#8220; zum Herunterladen oder im Sekretariat.<\/li>\r\n<li>Zus\u00e4tzlich kann Ihr Kind <strong>am 17. Dezember und 18. Dezember <\/strong>vom Unterricht befreit werden, wenn es mit Familienmitgliedern gemeinsam Weihnachten feiern m\u00f6chte, wenn die Familienmitglieder <strong>zur Risikogruppe<\/strong> geh\u00f6ren! Diesen Antrag k\u00f6nnen Sie nutzen (siehe Anhang) oder in der Schule (Sekretariat) erhalten.<\/li>\r\n<\/ul>\r\n\r\n\r\n\r\n<p>Bei weiteren Fragen oder Problemen melden Sie sich gerne bei mir! <br>Wir w\u00fcnschen Ihnen und Ihrer Familie eine sch\u00f6ne vorweihnachtliche Zeit! Bleiben Sie weiterhin gesund!<\/p>\r\n\r\n\r\n\r\n<p>Viele Gr\u00fc\u00dfe, <br><em>Verena Mielke <\/em><br><em>und das Kollegium der Grundschule Blumensiedlung<\/em><\/p>\r\n","protected":false},"excerpt":{"rendered":"<p>Liebe Eltern, wie Sie vielleicht gestern in den Medien mitbekommen haben, hat die Bundeskanzlerin mit den Ministerpr\u00e4sidenten \u00fcber neue Regelungen f\u00fcr die Schulen gesprochen. Hier einige Hinweise zu den neuen&hellip; <a href=\"https:\/\/www.grundschule-blumensiedlung.de\/?p=6980385\" class=\"read-more\" title=\"Elternbrief vom 26.11.2020: Weihnachtsferien und Notbetreuung\"><span>Weiterlesen <span class=\"screen-reader-text sr-only\">Elternbrief vom 26.11.2020: Weihnachtsferien und Notbetreuung<\/span> <span class=\"meta-nav\">&rarr;<\/span><\/span><\/a><\/p>\n","protected":false},"author":43,"featured_media":0,"comment_status":"closed","ping_status":"closed","sticky":false,"template":"","format":"standard","meta":{"ngg_post_thumbnail":0,"footnotes":""},"categories":[1],"tags":[],"class_list":["post-6980385","post","type-post","status-publish","format-standard","hentry","category-allgemein"],"_links":{"self":[{"href":"https:\/\/www.grundschule-blumensiedlung.de\/index.php?rest_route=\/wp\/v2\/posts\/6980385","targetHints":{"allow":["GET"]}}],"collection":[{"href":"https:\/\/www.grundschule-blumensiedlung.de\/index.php?rest_route=\/wp\/v2\/posts"}],"about":[{"href":"https:\/\/www.grundschule-blumensiedlung.de\/index.php?rest_route=\/wp\/v2\/types\/post"}],"author":[{"embeddable":true,"href":"https:\/\/www.grundschule-blumensiedlung.de\/index.php?rest_route=\/wp\/v2\/users\/43"}],"replies":[{"embeddable":true,"href":"https:\/\/www.grundschule-blumensiedlung.de\/index.php?rest_route=%2Fwp%2Fv2%2Fcomments&post=6980385"}],"version-history":[{"count":5,"href":"https:\/\/www.grundschule-blumensiedlung.de\/index.php?rest_route=\/wp\/v2\/posts\/6980385\/revisions"}],"predecessor-version":[{"id":6980400,"href":"https:\/\/www.grundschule-blumensiedlung.de\/index.php?rest_route=\/wp\/v2\/posts\/6980385\/revisions\/6980400"}],"wp:attachment":[{"href":"https:\/\/www.grundschule-blumensiedlung.de\/index.php?rest_route=%2Fwp%2Fv2%2Fmedia&parent=6980385"}],"wp:term":[{"taxonomy":"category","embeddable":true,"href":"https:\/\/www.grundschule-blumensiedlung.de\/index.php?rest_route=%2Fwp%2Fv2%2Fcategories&post=6980385"},{"taxonomy":"post_tag","embeddable":true,"href":"https:\/\/www.grundschule-blumensiedlung.de\/index.php?rest_route=%2Fwp%2Fv2%2Ftags&post=6980385"}],"curies":[{"name":"wp","href":"https:\/\/api.w.org\/{rel}","templated":true}]}}