{"id":6980415,"date":"2020-12-06T20:54:00","date_gmt":"2020-12-06T19:54:00","guid":{"rendered":"http:\/\/www.grundschule-blumensiedlung.de\/?p=6980415"},"modified":"2025-06-01T20:27:58","modified_gmt":"2025-06-01T18:27:58","slug":"basteltag","status":"publish","type":"post","link":"https:\/\/www.grundschule-blumensiedlung.de\/?p=6980415","title":{"rendered":"Basteltag und Baumschm\u00fcckaktion"},"content":{"rendered":"\n<p>Am 26.11.2020 fand wieder unser j\u00e4hrlicher Basteltag statt. In gem\u00fctlicher Atmosph\u00e4re wurde in allen Klassen flei\u00dfig gemalt und gebastelt. Jetzt k\u00f6nnen sich alle \u00fcber einen sch\u00f6nen, adventlichen Fensterschmuck, tolle Adventskalender und Weihnachtsgestecke in der Schule freuen.<\/p>\n\n\n\nngg_shortcode_0_placeholder\n\n\n\n<p>Am gleichen Tag durften die beiden zweiten Klassen einen Teil ihres gebastelten Adventsschmuckes mit in den Fris\u00f6rsalon G\u00f6llner in der Lindenallee nehmen, um damit den dortigen Weihnachtsbaum zu schm\u00fccken. <\/p>\n\n\n\nngg_shortcode_1_placeholder\n","protected":false},"excerpt":{"rendered":"<p>Am 26.11.2020 fand wieder unser j\u00e4hrlicher Basteltag statt. In gem\u00fctlicher Atmosph\u00e4re wurde in allen Klassen flei\u00dfig gemalt und gebastelt. Jetzt k\u00f6nnen sich alle \u00fcber einen sch\u00f6nen, adventlichen Fensterschmuck, tolle Adventskalender&hellip; <a href=\"https:\/\/www.grundschule-blumensiedlung.de\/?p=6980415\" class=\"read-more\" title=\"Basteltag und Baumschm\u00fcckaktion\"><span>Weiterlesen <span class=\"screen-reader-text sr-only\">Basteltag und Baumschm\u00fcckaktion<\/span> <span class=\"meta-nav\">&rarr;<\/span><\/span><\/a><\/p>\n","protected":false},"author":43,"featured_media":6980404,"comment_status":"closed","ping_status":"closed","sticky":false,"template":"","format":"standard","meta":{"ngg_post_thumbnail":0,"footnotes":""},"categories":[1],"tags":[],"class_list":["post-6980415","post","type-post","status-publish","format-standard","has-post-thumbnail","hentry","category-allgemein"],"_links":{"self":[{"href":"https:\/\/www.grundschule-blumensiedlung.de\/index.php?rest_route=\/wp\/v2\/posts\/6980415","targetHints":{"allow":["GET"]}}],"collection":[{"href":"https:\/\/www.grundschule-blumensiedlung.de\/index.php?rest_route=\/wp\/v2\/posts"}],"about":[{"href":"https:\/\/www.grundschule-blumensiedlung.de\/index.php?rest_route=\/wp\/v2\/types\/post"}],"author":[{"embeddable":true,"href":"https:\/\/www.grundschule-blumensiedlung.de\/index.php?rest_route=\/wp\/v2\/users\/43"}],"replies":[{"embeddable":true,"href":"https:\/\/www.grundschule-blumensiedlung.de\/index.php?rest_route=%2Fwp%2Fv2%2Fcomments&post=6980415"}],"version-history":[{"count":3,"href":"https:\/\/www.grundschule-blumensiedlung.de\/index.php?rest_route=\/wp\/v2\/posts\/6980415\/revisions"}],"predecessor-version":[{"id":6980475,"href":"https:\/\/www.grundschule-blumensiedlung.de\/index.php?rest_route=\/wp\/v2\/posts\/6980415\/revisions\/6980475"}],"wp:featuredmedia":[{"embeddable":true,"href":"https:\/\/www.grundschule-blumensiedlung.de\/index.php?rest_route=\/wp\/v2\/media\/6980404"}],"wp:attachment":[{"href":"https:\/\/www.grundschule-blumensiedlung.de\/index.php?rest_route=%2Fwp%2Fv2%2Fmedia&parent=6980415"}],"wp:term":[{"taxonomy":"category","embeddable":true,"href":"https:\/\/www.grundschule-blumensiedlung.de\/index.php?rest_route=%2Fwp%2Fv2%2Fcategories&post=6980415"},{"taxonomy":"post_tag","embeddable":true,"href":"https:\/\/www.grundschule-blumensiedlung.de\/index.php?rest_route=%2Fwp%2Fv2%2Ftags&post=6980415"}],"curies":[{"name":"wp","href":"https:\/\/api.w.org\/{rel}","templated":true}]}}